{"id":512,"date":"2024-04-16T18:58:46","date_gmt":"2024-04-16T16:58:46","guid":{"rendered":"https:\/\/alta-musica.com\/?p=512"},"modified":"2025-01-04T16:58:05","modified_gmt":"2025-01-04T15:58:05","slug":"ccc-2024-001","status":"publish","type":"post","link":"https:\/\/alta-musica.com\/en\/2024\/04\/16\/ccc-2024-001\/","title":{"rendered":"Compl\u00e9ment au programme du Concert-Causerie &#8220;Dalla biblioteca di Vivaldi?&#8221;"},"content":{"rendered":"\n<h4 class=\"wp-block-heading\">Dimanche 21 avril 2024 &#8211; Temple de Chailly<\/h4>\n\n\n\n<h5 class=\"wp-block-heading\">Le manuscrit Mus. 1-R-70 de la <a href=\"https:\/\/hofmusik.slub-dresden.de\/themen\/schrank-zwei\/\">collection Schrank II<\/a> de la S\u00e4chsische Landesbibliothek \u2013 Staats- und Universit\u00e4tsbibliothek (SLUB) de Dresde et les \u00e9ditions r\u00e9alis\u00e9es par Alta Musica.<\/h5>\n\n\n\n<div style=\"height:29px\" aria-hidden=\"true\" class=\"wp-block-spacer\"><\/div>\n\n\n\n<div class=\"wp-block-columns is-layout-flex wp-container-core-columns-is-layout-28f84493 wp-block-columns-is-layout-flex\">\n<div class=\"wp-block-column is-layout-flow wp-block-column-is-layout-flow\">\n<figure class=\"wp-block-image size-large is-style-rounded is-style-rounded--1\"><img decoding=\"async\" src=\"https:\/\/alta-musica.com\/wp-content\/uploads\/2024\/04\/Couv-1024x768.jpg\" alt=\"\" class=\"wp-image-514\" \/><\/figure>\n<\/div>\n\n\n\n<div class=\"wp-block-column is-layout-flow wp-block-column-is-layout-flow\">\n<p class=\"has-text-align-center has-medium-font-size\"><strong>Manuscrit Mus. 1-R-70<\/strong><br>(domaine public)<\/p>\n\n\n\n<div class=\"wp-block-buttons is-content-justification-center is-layout-flex wp-container-core-buttons-is-layout-a89b3969 wp-block-buttons-is-layout-flex\">\n<div class=\"wp-block-button is-style-outline is-style-outline--2\"><a class=\"wp-block-button__link has-accent-color has-base-2-background-color has-text-color has-background has-link-color wp-element-button\" href=\"https:\/\/sueyingkoang.com\/wp-content\/uploads\/2023\/03\/Schreyfogel_5_vl_sons_32199180X.pdf\">T\u00e9l\u00e9charger le manuscrit<\/a><\/div>\n<\/div>\n<\/div>\n<\/div>\n\n\n\n<hr class=\"wp-block-separator has-text-color has-contrast-3-color has-alpha-channel-opacity has-contrast-3-background-color has-background is-style-default\" \/>\n\n\n\n<div style=\"height:23px\" aria-hidden=\"true\" class=\"wp-block-spacer\"><\/div>\n\n\n\n<h5 class=\"wp-block-heading has-text-align-center\">Les \u00c9ditions Alta Musica proposent des \u00e9ditions des sonates du manuscrit Mus. 1-R-70.<br>\u00c0 t\u00e9l\u00e9charger au format pdf.<\/h5>\n\n\n\n<div class=\"wp-block-columns is-layout-flex wp-container-core-columns-is-layout-28f84493 wp-block-columns-is-layout-flex\">\n<div class=\"wp-block-column is-layout-flow wp-block-column-is-layout-flow\">\n<figure class=\"wp-block-image size-full is-style-rounded is-style-rounded--3\"><img decoding=\"async\" src=\"https:\/\/alta-musica.com\/wp-content\/uploads\/2024\/04\/Re-majeur-1-R-70-1.jpg\" alt=\"\" class=\"wp-image-533\" \/><\/figure>\n<\/div>\n\n\n\n<div class=\"wp-block-column is-layout-flow wp-block-column-is-layout-flow\">\n<p class=\"has-text-align-center\" style=\"font-size:clamp(1.039rem, 1.039rem + ((1vw - 0.2rem) * 0.935), 1.6rem);\">Sonate anonyme en r\u00e9 majeur<\/p>\n\n\n\n<div class=\"wp-block-buttons is-content-justification-center is-layout-flex wp-container-core-buttons-is-layout-a89b3969 wp-block-buttons-is-layout-flex\">\n<div class=\"wp-block-button is-style-outline is-style-outline--4\"><a class=\"wp-block-button__link has-accent-color has-base-2-background-color has-text-color has-background has-link-color wp-element-button\" href=\"https:\/\/sueyingkoang.com\/wp-content\/uploads\/2024\/04\/D-Dur-1-R-70.pdf\">T\u00e9l\u00e9charger l&#8217;\u00e9dition<\/a><\/div>\n<\/div>\n<\/div>\n<\/div>\n\n\n\n<hr class=\"wp-block-separator has-text-color has-contrast-3-color has-alpha-channel-opacity has-contrast-3-background-color has-background\" \/>\n\n\n\n<div class=\"wp-block-columns is-layout-flex wp-container-core-columns-is-layout-28f84493 wp-block-columns-is-layout-flex\">\n<div class=\"wp-block-column is-layout-flow wp-block-column-is-layout-flow\">\n<figure class=\"wp-block-image size-full is-style-rounded is-style-rounded--5\"><img decoding=\"async\" src=\"https:\/\/alta-musica.com\/wp-content\/uploads\/2024\/04\/Fa-majeur-1-R-70-2.jpg\" alt=\"\" class=\"wp-image-534\" \/><\/figure>\n<\/div>\n\n\n\n<div class=\"wp-block-column is-layout-flow wp-block-column-is-layout-flow\">\n<p class=\"has-text-align-center\" style=\"font-size:clamp(0.984rem, 0.984rem + ((1vw - 0.2rem) * 0.86), 1.5rem);\">Sonate anonyme en fa majeur<\/p>\n\n\n\n<div class=\"wp-block-buttons is-content-justification-center is-layout-flex wp-container-core-buttons-is-layout-a89b3969 wp-block-buttons-is-layout-flex\">\n<div class=\"wp-block-button is-style-outline is-style-outline--6\"><a class=\"wp-block-button__link has-accent-color has-base-2-background-color has-text-color has-background has-link-color wp-element-button\" href=\"https:\/\/sueyingkoang.com\/wp-content\/uploads\/2024\/04\/F-Dur-1-R-70.pdf\">T\u00e9l\u00e9charger l&#8217;\u00e9dition<\/a><\/div>\n<\/div>\n<\/div>\n<\/div>\n\n\n\n<hr class=\"wp-block-separator has-text-color has-contrast-3-color has-alpha-channel-opacity has-contrast-3-background-color has-background\" \/>\n\n\n\n<div class=\"wp-block-columns is-layout-flex wp-container-core-columns-is-layout-28f84493 wp-block-columns-is-layout-flex\">\n<div class=\"wp-block-column is-layout-flow wp-block-column-is-layout-flow\">\n<figure class=\"wp-block-image size-full is-style-rounded is-style-rounded--7\"><img decoding=\"async\" src=\"https:\/\/alta-musica.com\/wp-content\/uploads\/2024\/04\/Vivaldi-1-R-70-2.jpg\" alt=\"\" class=\"wp-image-535\" \/><\/figure>\n<\/div>\n\n\n\n<div class=\"wp-block-column is-layout-flow wp-block-column-is-layout-flow\">\n<p class=\"has-text-align-center\" style=\"font-size:clamp(0.984em, 0.984rem + ((1vw - 0.2em) * 0.86), 1.5em);\">Sonate attribu\u00e9e \u00e0 A. Vivaldi en sol mineur<\/p>\n\n\n\n<div class=\"wp-block-buttons is-content-justification-center is-layout-flex wp-container-core-buttons-is-layout-a89b3969 wp-block-buttons-is-layout-flex\">\n<div class=\"wp-block-button is-style-outline is-style-outline--8\"><a class=\"wp-block-button__link has-accent-color has-base-2-background-color has-text-color has-background has-link-color has-text-align-center wp-element-button\" href=\"https:\/\/sueyingkoang.com\/wp-content\/uploads\/2024\/04\/Vivaldi-1-R-70.pdf\">T\u00e9l\u00e9charger l&#8217;\u00e9dition<\/a><\/div>\n<\/div>\n<\/div>\n<\/div>\n\n\n\n<hr class=\"wp-block-separator has-text-color has-contrast-3-color has-alpha-channel-opacity has-contrast-3-background-color has-background\" \/>\n\n\n\n<div class=\"wp-block-columns is-layout-flex wp-container-core-columns-is-layout-28f84493 wp-block-columns-is-layout-flex\">\n<div class=\"wp-block-column is-layout-flow wp-block-column-is-layout-flow\">\n<figure class=\"wp-block-image size-full is-style-rounded is-style-rounded--9\"><img decoding=\"async\" src=\"https:\/\/alta-musica.com\/wp-content\/uploads\/2024\/04\/Heinichen-1-R-70-1.jpg\" alt=\"\" class=\"wp-image-536\" \/><\/figure>\n<\/div>\n\n\n\n<div class=\"wp-block-column is-layout-flow wp-block-column-is-layout-flow\">\n<p class=\"has-text-align-center\" style=\"font-size:clamp(0.984rem, 0.984rem + ((1vw - 0.2rem) * 0.86), 1.5rem);\">Sonate de J.D. Heinichen en r\u00e9 majeur<\/p>\n\n\n\n<div class=\"wp-block-buttons is-content-justification-center is-layout-flex wp-container-core-buttons-is-layout-a89b3969 wp-block-buttons-is-layout-flex\">\n<div class=\"wp-block-button is-style-outline is-style-outline--10\"><a class=\"wp-block-button__link has-accent-color has-base-2-background-color has-text-color has-background has-link-color has-text-align-center wp-element-button\" href=\"https:\/\/sueyingkoang.com\/wp-content\/uploads\/2024\/04\/Heinichen-1-R-70.pdf\">T\u00e9l\u00e9charger l&#8217;\u00e9dition<\/a><\/div>\n<\/div>\n<\/div>\n<\/div>\n\n\n\n<hr class=\"wp-block-separator has-text-color has-contrast-3-color has-alpha-channel-opacity has-contrast-3-background-color has-background\" \/>\n\n\n\n<div style=\"height:11px\" aria-hidden=\"true\" class=\"wp-block-spacer\"><\/div>\n\n\n\n<h3 class=\"wp-block-heading has-text-align-center\">Album <em>Dalla biblioteca di Vivaldi?<\/em><\/h3>\n\n\n\n<div class=\"wp-block-media-text is-stacked-on-mobile\"><figure class=\"wp-block-media-text__media\"><img decoding=\"async\" src=\"https:\/\/alta-musica.com\/wp-content\/uploads\/2024\/04\/Dalla-biblioteca-2021-S.jpg\" alt=\"\" class=\"wp-image-552 size-full\" \/><\/figure><div class=\"wp-block-media-text__content\">\n<p class=\"has-text-align-center\">Le manuscrit 1-R-70 a \u00e9t\u00e9 enregistr\u00e9 sur l&#8217;album <em>Dalla biblioteca di Vivaldi?<\/em> en 2021 par Sue-Ying et Vincent entour\u00e9s de leurs coll\u00e8gues Diana Vinagre, violoncelle et Parsival Castro, th\u00e9orbe.<br>Enregistrement r\u00e9alis\u00e9 au temple de Belmont-sur-Lausanne en novembre 2020.<\/p>\n\n\n\n<div class=\"wp-block-buttons is-content-justification-center is-layout-flex wp-container-core-buttons-is-layout-a89b3969 wp-block-buttons-is-layout-flex\">\n<div class=\"wp-block-button is-style-outline is-style-outline--11\"><a class=\"wp-block-button__link has-accent-color has-base-2-background-color has-text-color has-background has-link-color has-text-align-center wp-element-button\">Plus de d\u00e9tails sur l&#8217;album<\/a><\/div>\n<\/div>\n<\/div><\/div>\n\n\n\n<hr class=\"wp-block-separator has-text-color has-contrast-3-color has-alpha-channel-opacity has-contrast-3-background-color has-background\" \/>\n\n\n\n<div style=\"height:23px\" aria-hidden=\"true\" class=\"wp-block-spacer\"><\/div>\n\n\n\n<h2 class=\"wp-block-heading\" id=\"\u00fcP\u00fcOI\u00a2|\u00ac\u00ac\u00a2\">Pour ceux qui n&#8217;ont pu recevoir de programme&#8230;<\/h2>\n\n\n\n<p class=\"has-text-align-center\" id=\"programme-du-jour\"><strong>Dalla biblioteca di Vivaldi<\/strong><\/p>\n\n\n\n<p><strong>1. Anonyme<\/strong><br>Sonate pour violon et basse continue en r\u00e9 majeur du manuscrit Mus. 2-R-8,52 de la S\u00e4chsische Landesbibliothek \u2013 Staats- und Universit\u00e4tsbibliothek (SLUB) Dresden<br>1. Adagio<br>2. [Fuga]<br>3. [Courante]<br>4. Sarabande<br>7. [Giga]<\/p>\n\n\n\n<p class=\"has-text-align-center has-accent-color has-text-color has-link-color has-small-font-size wp-elements-e794b8f0613dfb15bd1542e844320952\">Toutes les sonates suivantes proviennent du manuscrit Mus. 1-R-70 de la S\u00e4chsische Landesbibliothek \u2013 Staats- und Universit\u00e4tsbibliothek (SLUB) Dresden<\/p>\n\n\n\n<p class=\"has-medium-font-size\"><strong>2. Anonyme<\/strong><br>Sonate pour violon et basse continue en r\u00e9 majeur<br>1. Adagio<br>2. [Allegro]<br>3. [Perfidia]*<\/p>\n\n\n\n<p class=\"has-small-font-size\">*<em>Imitatione delle campane<\/em> de la 3\u00e8me sonate pour violon et basse continue de Johann Paul von Westhoff, publi\u00e9e \u00e0 Dresde en 1694<\/p>\n\n\n\n<p><strong>3. Anonyme<\/strong><br>Sonate pour violon et basse continue en fa majeur<em><br><\/em>1. Largo<br>2. Allegro<\/p>\n\n\n\n<p><strong>4. Johann David Heinichen (1683-1729)<\/strong><br>Sonate pour violon et basse continue en r\u00e9 majeur<br>1. Largo<br>2. Allegro<\/p>\n\n\n\n<p><strong>5. Antonio Vivaldi<\/strong> ? <strong>(1678-1741)<\/strong><br>Sonate en sol mineur pour violon et basse continue<br>1. [Preludio] &#8211; Largo<br>2. Allemanda<br>3. Giga<\/p>\n\n\n\n<hr class=\"wp-block-separator has-alpha-channel-opacity\" \/>\n\n\n\n<p>Cette page sera active jusqu&#8217;au 30 avril 2024.<br>Les \u00e9ditions du manuscrit 1-R-70 de Dresde ainsi que d&#8217;autres sources historiques seront \u00e0 retrouver  prochainement sur le site g\u00e9n\u00e9ral d&#8217;Alta Musica.<\/p>\n","protected":false},"excerpt":{"rendered":"<p>Dimanche 21 avril 2024 &#8211; Temple de Chailly Le manuscrit Mus. 1-R-70 de la collection Schrank II de la S\u00e4chsische Landesbibliothek \u2013 Staats- und Universit\u00e4tsbibliothek (SLUB) de Dresde et les \u00e9ditions r\u00e9alis\u00e9es par Alta Musica. Manuscrit Mus. 1-R-70(domaine public) Les \u00c9ditions Alta Musica proposent des \u00e9ditions des sonates du manuscrit Mus. 1-R-70.\u00c0 t\u00e9l\u00e9charger au format [&hellip;]<\/p>\n","protected":false},"author":2,"featured_media":524,"comment_status":"closed","ping_status":"open","sticky":false,"template":"","format":"standard","meta":{"footnotes":""},"categories":[4],"tags":[6],"class_list":["post-512","post","type-post","status-publish","format-standard","has-post-thumbnail","hentry","category-programmes-de-salle","tag-programmes"],"_links":{"self":[{"href":"https:\/\/alta-musica.com\/en\/wp-json\/wp\/v2\/posts\/512","targetHints":{"allow":["GET"]}}],"collection":[{"href":"https:\/\/alta-musica.com\/en\/wp-json\/wp\/v2\/posts"}],"about":[{"href":"https:\/\/alta-musica.com\/en\/wp-json\/wp\/v2\/types\/post"}],"author":[{"embeddable":true,"href":"https:\/\/alta-musica.com\/en\/wp-json\/wp\/v2\/users\/2"}],"replies":[{"embeddable":true,"href":"https:\/\/alta-musica.com\/en\/wp-json\/wp\/v2\/comments?post=512"}],"version-history":[{"count":1,"href":"https:\/\/alta-musica.com\/en\/wp-json\/wp\/v2\/posts\/512\/revisions"}],"predecessor-version":[{"id":686,"href":"https:\/\/alta-musica.com\/en\/wp-json\/wp\/v2\/posts\/512\/revisions\/686"}],"wp:featuredmedia":[{"embeddable":true,"href":"https:\/\/alta-musica.com\/en\/wp-json\/"}],"wp:attachment":[{"href":"https:\/\/alta-musica.com\/en\/wp-json\/wp\/v2\/media?parent=512"}],"wp:term":[{"taxonomy":"category","embeddable":true,"href":"https:\/\/alta-musica.com\/en\/wp-json\/wp\/v2\/categories?post=512"},{"taxonomy":"post_tag","embeddable":true,"href":"https:\/\/alta-musica.com\/en\/wp-json\/wp\/v2\/tags?post=512"}],"curies":[{"name":"wp","href":"https:\/\/api.w.org\/{rel}","templated":true}]}}